
{"id":5596,"date":"2026-05-02T19:40:38","date_gmt":"2026-05-02T22:40:38","guid":{"rendered":"https:\/\/www.boessiocompeticoes.com.br\/ftruck\/?p=5596"},"modified":"2026-05-02T19:40:38","modified_gmt":"2026-05-02T22:40:38","slug":"classificatorio-com-temporal-atrapalhou-pilotos-em-cascavel-pr","status":"publish","type":"post","link":"https:\/\/www.boessiocompeticoes.com.br\/ftruck\/2026\/05\/classificatorio-com-temporal-atrapalhou-pilotos-em-cascavel-pr\/","title":{"rendered":"Classificat\u00f3rio com temporal atrapalhou pilotos em Cascavel (PR)"},"content":{"rendered":"<p>Por conta da forte chuva, a dire\u00e7\u00e3o de prova determinou a realiza\u00e7\u00e3o da classifica\u00e7\u00e3o em somente um segmento, de 15 minutos. Al\u00e9m do volume de \u00e1gua bastante consider\u00e1vel, os pilotos tiveram de encarar outro desafio com o vento intenso que varria o Aut\u00f3dromo Internacional Zilmar Beux. O filho do tetracampe\u00e3o Felipe Giaffone virou 1min34s964 e confirmou a posi\u00e7\u00e3o de honra no Aut\u00f3dromo Internacional Zilmar Beux.<\/p>\n<p><strong>Domingo de emo\u00e7\u00f5es<\/strong><\/p>\n<p>Na sequ\u00eancia da defini\u00e7\u00e3o do pole position e do grid de largada, agora o foco est\u00e1 no apogeu do fim de semana: o domingo, com as duas corridas da terceira etapa do calend\u00e1rio. A largada est\u00e1 marcada para 12h10, com transmiss\u00e3o ao vivo na Band em TV aberta, canal FAST da NSports e pelos canais do Acelerados e da Copa Truck Be8 BeVant no YouTube.<\/p>\n<p><strong>Copa Truck Be8 BeVant, temporada 2026<br \/>\nEtapa 3, Cascavel (PR), Aut\u00f3dromo Internacional Zilmar Beux<br \/>\nSuper Truck Elite, resultado da classifica\u00e7\u00e3o<br \/>\n<\/strong>1\u00ba &#8211; Nicolas Giaffone (R9 Competi\u00e7\u00f5es\/Volkswagen), 1min34s964<br \/>\n2\u00ba &#8211; Hugo Cibien (Vannucci Racing\/Volvo), 1min35s826<br \/>\n3\u00ba &#8211; Maicon Roncen (Tiger Team\/Mercedes-Benz),1min36s154<br \/>\n4\u00ba &#8211; Vin\u00edcius Palma (R9 Competi\u00e7\u00f5es\/Volkswagen), 1min36s387<br \/>\n5\u00ba &#8211; Diogo Moscato (Scuderia Chiarelli\/Iveco), 1min36s499<br \/>\n6\u00ba &#8211; Rodrigo Taborda (Vannucci Racing\/Iveco), 1min36s511<br \/>\n7\u00ba &#8211; Rafa Lopes (R9 Competi\u00e7\u00f5es\/Volkswagen), 1min36s782<br \/>\n8\u00ba &#8211; Djalma Pivetta (Iveco Usual Racing\/Iveco), 1min37s278<br \/>\n9\u00ba &#8211; M\u00e1rcio Giordano (FF Motorsport\/Mercedes-Benz), 1min37s771<br \/>\n10\u00ba &#8211; Regis Boessio (Boessio Competi\u00e7\u00f5es\/Scania), 1min38s749<br \/>\n11\u00ba &#8211; Thaline Chicoski (Cavaleiro Sports\/Iveco), 1min39s907<br \/>\n12\u00ba &#8211; Fabio Luiz (Tiger Team Race\/Mercedes-Benz), 1min40s243<br \/>\n13\u00ba &#8211; Beto Cavaleiro (Cavaleiro Sports\/Iveco), 1min48s576<br \/>\n14\u00ba &#8211; Daniel Kelemen (D+ Motorsport\/Mercedes-Benz), sem tempo<\/p>\n<p><em>Exclu\u00eddos<br \/>\n<\/em>Kleber Eletric (Eletric Truck\/Scania)<br \/>\nMauricio Arias (Tiger Team\/Mercedes-Benz)<br \/>\nJuca Bala (Eletric Truck\/Scania)<br \/>\nRicardo Alvarez (R9 Competi\u00e7\u00f5es\/Volkswagen)<br \/>\n<strong>&nbsp;<\/strong><\/p>\n<p><strong>Programa\u00e7\u00e3o em Cascavel<br \/>\nS\u00e1bado, 2 de maio<br \/>\n<\/strong>15h20 \u2013 Copa Hyundai HB20 \u2013 Corrida 1 (25 minutos + 1 volta)<br \/>\n18h10 \u2013 NASCAR Brasil \u2013 Sunset Race (30 minutos + 1 volta)<\/p>\n<p><strong>Domingo, 3 de maio<\/strong><br \/>\n08h30 \u2013 NASCAR Brasil \u2013 Corrida 2 (25 minutos + 1 volta)<br \/>\n09h25 \u2013 Copa Truck Be8 BeVant \u2013 Warm Up Super Truck Elite<br \/>\n09h40 \u2013 Copa Truck Be8 BeVant \u2013 Warm Up Super Truck PRO<br \/>\n10h15 \u2013 Visita\u00e7\u00e3o aos Boxes<br \/>\n10h30 \u2013 Desfile de Caminh\u00f5es Charada<br \/>\n11h25 \u2013 Desfile de Pilotos Copa Truck Be8 BeVant e NASCAR Brasil<br \/>\n12h10 \u2013 Copa Truck Be8 BeVant \u2013 Corrida 1 (25 minutos + 1 volta)<br \/>\n12h40 \u2013 Copa Truck Be8 BeVant \u2013 Corrida 2 (20 minutos + 1 volta)<br \/>\n14h00 \u2013 Copa Hyundai HB20 \u2013 Corrida 2 (30 minutos + 1 volta).<\/p>\n<p>&nbsp;<\/p>\n<hr>\n<p><em>Texto: Bruno Vicaria<\/em><br \/>\n<a href=\"https:\/\/click.presskit.com.br\/url\/1139356462a\/58564993951\"><em>imprensa@maisbrasil.com.br<\/em><\/a><\/p>\n","protected":false},"excerpt":{"rendered":"<p>Por conta da forte chuva, a dire\u00e7\u00e3o de prova determinou a realiza\u00e7\u00e3o da classifica\u00e7\u00e3o em somente um segmento, de 15 minutos. Al\u00e9m do volume de \u00e1gua bastante consider\u00e1vel, os pilotos tiveram de encarar outro desafio com o vento intenso que varria o Aut\u00f3dromo Internacional Zilmar Beux. O filho do tetracampe\u00e3o Felipe Giaffone virou 1min34s964 e confirmou a posi\u00e7\u00e3o de honra no Aut\u00f3dromo Internacional Zilmar Beux. Domingo de emo\u00e7\u00f5es Na sequ\u00eancia&hellip;<\/p>\n","protected":false},"author":2,"featured_media":5597,"comment_status":"closed","ping_status":"closed","sticky":false,"template":"","format":"standard","meta":{"ngg_post_thumbnail":0,"footnotes":""},"categories":[8],"tags":[],"class_list":["post-5596","post","type-post","status-publish","format-standard","has-post-thumbnail","hentry","category-boessio-competicoes"],"_links":{"self":[{"href":"https:\/\/www.boessiocompeticoes.com.br\/ftruck\/wp-json\/wp\/v2\/posts\/5596","targetHints":{"allow":["GET"]}}],"collection":[{"href":"https:\/\/www.boessiocompeticoes.com.br\/ftruck\/wp-json\/wp\/v2\/posts"}],"about":[{"href":"https:\/\/www.boessiocompeticoes.com.br\/ftruck\/wp-json\/wp\/v2\/types\/post"}],"author":[{"embeddable":true,"href":"https:\/\/www.boessiocompeticoes.com.br\/ftruck\/wp-json\/wp\/v2\/users\/2"}],"replies":[{"embeddable":true,"href":"https:\/\/www.boessiocompeticoes.com.br\/ftruck\/wp-json\/wp\/v2\/comments?post=5596"}],"version-history":[{"count":1,"href":"https:\/\/www.boessiocompeticoes.com.br\/ftruck\/wp-json\/wp\/v2\/posts\/5596\/revisions"}],"predecessor-version":[{"id":5598,"href":"https:\/\/www.boessiocompeticoes.com.br\/ftruck\/wp-json\/wp\/v2\/posts\/5596\/revisions\/5598"}],"wp:featuredmedia":[{"embeddable":true,"href":"https:\/\/www.boessiocompeticoes.com.br\/ftruck\/wp-json\/wp\/v2\/media\/5597"}],"wp:attachment":[{"href":"https:\/\/www.boessiocompeticoes.com.br\/ftruck\/wp-json\/wp\/v2\/media?parent=5596"}],"wp:term":[{"taxonomy":"category","embeddable":true,"href":"https:\/\/www.boessiocompeticoes.com.br\/ftruck\/wp-json\/wp\/v2\/categories?post=5596"},{"taxonomy":"post_tag","embeddable":true,"href":"https:\/\/www.boessiocompeticoes.com.br\/ftruck\/wp-json\/wp\/v2\/tags?post=5596"}],"curies":[{"name":"wp","href":"https:\/\/api.w.org\/{rel}","templated":true}]}}